{"id":492,"date":"2011-03-07T10:51:25","date_gmt":"2011-03-07T08:51:25","guid":{"rendered":"http:\/\/www.steppps.net\/steppps\/?p=492"},"modified":"2011-03-07T10:51:25","modified_gmt":"2011-03-07T08:51:25","slug":"die-fruhjahrsetappe-startet","status":"publish","type":"post","link":"https:\/\/www.steppps.net\/steppps\/2011\/03\/07\/die-fruhjahrsetappe-startet\/","title":{"rendered":"Die Fr\u00fchjahrsetappe startet!!"},"content":{"rendered":"<p>Liebe BegleiterInnen im Herzen und Geiste!!!<\/p>\n<p>Am 17.3.2010 reise wir an, um die restlichen 1500-2000 km achtsam zu Begehen.<br \/>\nDie 1. Tagesetappe startet am Freitag, 18.3.2010 n\u00f6rdlich von Freiburg, am Kaiserstuhl, bei Bahlingen am Silberbrunnen. Wir wollen an diesem Tag bis nach Freiburg gehen. Am folgenden Tag geht es weiter Richtung S\u00fcden &#8211; Richtung M\u00fcllheim.<\/p>\n<p>Wir danken schon jetzt allen BegleiterInnen im Herzen und Geiste, und nat\u00fcrlich all denen die Schritt f\u00fcr Schritt mit uns vor Ort gehen. Herzdank gilt auch all denen, die Quartiere zur Verf\u00fcgung stellen, Kartenmaterial, sogar Routen ausarbeiten und mit viel Freude das steppps-Friedenspilgerprojekt unterst\u00fctzen.<\/p>\n<p>Eine Woche vor und nach Ostern haben wir ein Begleitfahrzeug. Sandra wird jeweils 1-2 Tage im Voraus Pilgerquartiere erkunden und abends mit uns sein. In dieser Zeit stellt sie auch ihr Fahrzeug zum Gep\u00e4cktransport zur Verf\u00fcgung. Danke schon mal an dieser Stelle.<br \/>\nAm \u00f6stlichen Bodensee, N\u00e4he Bregenz werden wir vermutlich die OsterPilgerZeit mit einer gr\u00f6\u00dferen Gruppe beginnen. Anreisetag ist der 16.4.2011, etwa 18 Uhr. Bitte meldet Euch, wenn ihr in dieser Zeit mitgehen wollt, damit wir euch rechtzeitig informieren k\u00f6nnen, wo genau der Startpunkt ist. Wir gehen dann in etwa entlang der deutsch-\u00f6stereichischen Grenze \u00f6stlich.<br \/>\nWer eine g\u00fcnstige Bahnfahrkarte ergattern m\u00f6chte, kann bereits jetzt schon buchen- empfohlen nach Bregenz. Ggf. falls wir schon ein bisschen weiter sind oder hinterherhinken, stellt euch darauf ein, ab Ulm oder Augsburg evtl. eine zus\u00e4tzliche Fahrkarte zu kaufen f\u00fcr die letzten km. Weitere Anreisetage sind der 22.4. und 25.4.11. Abreisetage sind der 22.4.\/25.4. und 1.5.2011.<\/p>\n<p>Innerhalb der n\u00e4chsten Woche gibt es noch Infos zu der OsterPilgerRetreat-Zeit.<br \/>\nHerzGr\u00fc\u00dfe<br \/>\nEuer Thomas<\/p>\n","protected":false},"excerpt":{"rendered":"<p>Liebe BegleiterInnen im Herzen und Geiste!!! Am 17.3.2010 reise wir an, um die restlichen 1500-2000 km achtsam zu Begehen. Die 1. Tagesetappe startet am Freitag, 18.3.2010 n\u00f6rdlich von Freiburg, am Kaiserstuhl, bei Bahlingen am Silberbrunnen. Wir wollen an diesem Tag bis nach Freiburg gehen. Am folgenden Tag geht es weiter Richtung S\u00fcden &#8211; Richtung M\u00fcllheim. [&hellip;]<\/p>\n","protected":false},"author":3,"featured_media":0,"comment_status":"open","ping_status":"open","sticky":false,"template":"","format":"standard","meta":[],"categories":[1],"tags":[],"_links":{"self":[{"href":"https:\/\/www.steppps.net\/steppps\/wp-json\/wp\/v2\/posts\/492"}],"collection":[{"href":"https:\/\/www.steppps.net\/steppps\/wp-json\/wp\/v2\/posts"}],"about":[{"href":"https:\/\/www.steppps.net\/steppps\/wp-json\/wp\/v2\/types\/post"}],"author":[{"embeddable":true,"href":"https:\/\/www.steppps.net\/steppps\/wp-json\/wp\/v2\/users\/3"}],"replies":[{"embeddable":true,"href":"https:\/\/www.steppps.net\/steppps\/wp-json\/wp\/v2\/comments?post=492"}],"version-history":[{"count":1,"href":"https:\/\/www.steppps.net\/steppps\/wp-json\/wp\/v2\/posts\/492\/revisions"}],"predecessor-version":[{"id":493,"href":"https:\/\/www.steppps.net\/steppps\/wp-json\/wp\/v2\/posts\/492\/revisions\/493"}],"wp:attachment":[{"href":"https:\/\/www.steppps.net\/steppps\/wp-json\/wp\/v2\/media?parent=492"}],"wp:term":[{"taxonomy":"category","embeddable":true,"href":"https:\/\/www.steppps.net\/steppps\/wp-json\/wp\/v2\/categories?post=492"},{"taxonomy":"post_tag","embeddable":true,"href":"https:\/\/www.steppps.net\/steppps\/wp-json\/wp\/v2\/tags?post=492"}],"curies":[{"name":"wp","href":"https:\/\/api.w.org\/{rel}","templated":true}]}}